{"id":343,"date":"2016-12-02T20:23:37","date_gmt":"2016-12-02T20:23:37","guid":{"rendered":"http:\/\/www.centrobioeticapontedera.it\/?p=343"},"modified":"2024-02-21T23:55:37","modified_gmt":"2024-02-21T22:55:37","slug":"v-convegno-interprovinciale-di-bioetica-per-la-scuola","status":"publish","type":"post","link":"http:\/\/centrobioeticapontedera.it\/?p=343","title":{"rendered":"V Convegno Interprovinciale di Bioetica per la Scuola"},"content":{"rendered":"\n<p class=\"has-text-align-center\">NATURA E IDENTIT\u00c0 DI GENERE<\/p>\n\n\n\n<p class=\"has-text-align-center\"><strong>Pontedera \u2013 marted\u00ec 6 dicembre 2016<\/strong><\/p>\n\n\n\n<p class=\"has-text-align-center\"><strong>Universit\u00e0 della Terza Et\u00e0 \u2013 via della stazione vecchia<\/strong><\/p>\n\n\n<p><!--more--><\/p>\n\n\n<p class=\"has-text-align-center\">INTERVENGONO<\/p>\n\n\n\n<p class=\"has-text-align-center\"><strong>Vittoria Franco \u2013<\/strong> Senatrice<\/p>\n\n\n\n<p class=\"has-text-align-center\"><strong>Andrea Porcarelli \u2013 <\/strong>Universit\u00e0 di Padova<\/p>\n\n\n\n<p class=\"has-text-align-center\"><strong>Pierluigi Robino <\/strong>\u2013 Dirigente Scolastico ITIS G. Marconi<\/p>\n\n\n\n<p class=\"has-text-align-center\"><strong>Liviana Canovai <\/strong>\u2013 Assessore alla cultura e alla P.I. Comune di Pontedera<\/p>\n\n\n\n<p class=\"has-text-align-center\">programma<\/p>\n\n\n\n<p class=\"has-text-align-center\"><strong>9.30<\/strong><strong> <\/strong>accoglienza e apertura dei lavori<\/p>\n\n\n\n<p class=\"has-text-align-center\"><strong>10.00 <\/strong>presentazione elaborati scuole partecipanti<\/p>\n\n\n\n<p class=\"has-text-align-center\"><strong>12.00<\/strong> interventi esperti e dibattito<\/p>\n\n\n\n<p class=\"has-text-align-center\">pausa pranzo<\/p>\n\n\n\n<p class=\"has-text-align-center\"><strong>14.00 <\/strong>Sala Dino Carlesi \u2013 tavola rotonda tra studenti insegnanti ed esperti<\/p>\n\n\n\n<p class=\"has-text-align-center\"><strong>Il Convegno \u00e8 aperto a tutti<\/strong><\/p>\n","protected":false},"excerpt":{"rendered":"<p>NATURA E IDENTIT\u00c0 DI GENERE Pontedera \u2013 marted\u00ec 6 dicembre 2016 Universit\u00e0 della Terza Et\u00e0 \u2013 via della stazione vecchia<\/p><p><a class=\"more-link btn\" href=\"http:\/\/centrobioeticapontedera.it\/?p=343\">Continua a leggere<\/a><\/p>\n","protected":false},"author":1,"featured_media":0,"comment_status":"open","ping_status":"open","sticky":false,"template":"","format":"standard","meta":{"_monsterinsights_skip_tracking":false,"_monsterinsights_sitenote_active":false,"_monsterinsights_sitenote_note":"","_monsterinsights_sitenote_category":0,"footnotes":""},"categories":[5],"tags":[],"class_list":["post-343","post","type-post","status-publish","format-standard","hentry","category-incontri","item-wrap"],"_links":{"self":[{"href":"http:\/\/centrobioeticapontedera.it\/index.php?rest_route=\/wp\/v2\/posts\/343","targetHints":{"allow":["GET"]}}],"collection":[{"href":"http:\/\/centrobioeticapontedera.it\/index.php?rest_route=\/wp\/v2\/posts"}],"about":[{"href":"http:\/\/centrobioeticapontedera.it\/index.php?rest_route=\/wp\/v2\/types\/post"}],"author":[{"embeddable":true,"href":"http:\/\/centrobioeticapontedera.it\/index.php?rest_route=\/wp\/v2\/users\/1"}],"replies":[{"embeddable":true,"href":"http:\/\/centrobioeticapontedera.it\/index.php?rest_route=%2Fwp%2Fv2%2Fcomments&post=343"}],"version-history":[{"count":5,"href":"http:\/\/centrobioeticapontedera.it\/index.php?rest_route=\/wp\/v2\/posts\/343\/revisions"}],"predecessor-version":[{"id":469,"href":"http:\/\/centrobioeticapontedera.it\/index.php?rest_route=\/wp\/v2\/posts\/343\/revisions\/469"}],"wp:attachment":[{"href":"http:\/\/centrobioeticapontedera.it\/index.php?rest_route=%2Fwp%2Fv2%2Fmedia&parent=343"}],"wp:term":[{"taxonomy":"category","embeddable":true,"href":"http:\/\/centrobioeticapontedera.it\/index.php?rest_route=%2Fwp%2Fv2%2Fcategories&post=343"},{"taxonomy":"post_tag","embeddable":true,"href":"http:\/\/centrobioeticapontedera.it\/index.php?rest_route=%2Fwp%2Fv2%2Ftags&post=343"}],"curies":[{"name":"wp","href":"https:\/\/api.w.org\/{rel}","templated":true}]}}